{"id":6873,"date":"2026-09-01T08:00:00","date_gmt":"2026-09-01T06:00:00","guid":{"rendered":"https:\/\/tyrawa.pl\/?p=6873"},"modified":"2026-08-31T15:50:39","modified_gmt":"2026-08-31T13:50:39","slug":"minigranty-od-3-000-do-5-000-zl-na-lokalne-inicjatywy-trwa-nabor-wnioskow-w-konkursie-grantowym-fundusz-inicjatyw-mrw-dzialam-bo-lubie","status":"publish","type":"post","link":"https:\/\/tyrawa.pl\/?p=6873","title":{"rendered":"MINIGRANTY\u00a0OD 3 000 DO 5 000 Z\u0141 NA LOKALNE INICJATYWY\u00a0&#8211;\u00a0TRWA NAB\u00d3R WNIOSK\u00d3W w konkursie grantowym \u201eFUNDUSZ INICJATYW MRW \u2014 DZIA\u0141AM, BO LUBI\u0118!&#8221;.\u00a0"},"content":{"rendered":"\n<p class=\"wp-block-paragraph\">Od 25 sierpnia 2026 trwa nab\u00f3r wniosk\u00f3w w konkursie grantowym&nbsp;<strong>\u201eFundusz Inicjatyw MRW \u2014 Dzia\u0142am, bo lubi\u0119!&#8221;<\/strong>.&nbsp;&nbsp;<\/p>\n\n\n\n<p class=\"wp-block-paragraph\">Organizacje pozarz\u0105dowe i&nbsp;podmioty&nbsp;z Waszego regionu mog\u0105 zdoby\u0107&nbsp;minigrant&nbsp;w wysoko\u015bci&nbsp;<strong>od 3 000 do 5 000 z\u0142<\/strong>&nbsp;na oddolne dzia\u0142ania anga\u017cuj\u0105ce lokaln\u0105 spo\u0142eczno\u015b\u0107.&nbsp;&nbsp;<\/p>\n\n\n\n<p class=\"wp-block-paragraph\">Konkurs realizowany jest w ramach obchod\u00f3w&nbsp;<strong>Mi\u0119dzynarodowego Roku Wolontariatu 2026<\/strong>&nbsp;i finansowany przez Narodowy Instytut Wolno\u015bci&nbsp;&#8211;&nbsp;Centrum Rozwoju Spo\u0142ecze\u0144stwa Obywatelskiego. Prowadz\u0105 go wsp\u00f3lnie trzej Operatorzy: Bieszczadzki Uniwersytet Ludowy, Stowarzyszenie&nbsp;Sursum&nbsp;Corda&nbsp;oraz Fundacja Bieszczadzka. Program obejmuje wojew\u00f3dztwa: \u015bwi\u0119tokrzyskie, lubelskie, podkarpackie i ma\u0142opolskie, a wsparcie otrzyma co najmniej 100 inicjatyw.&nbsp;<\/p>\n\n\n\n<p class=\"wp-block-paragraph\"><strong>Kto mo\u017ce si\u0119 ubiega\u0107 o dotacj\u0119<\/strong>&nbsp;<\/p>\n\n\n\n<p class=\"wp-block-paragraph\">O&nbsp;minigrant&nbsp;mog\u0105 wnioskowa\u0107 organizacje pozarz\u0105dowe oraz podmioty wymienione w art. 3 ust. 3 ustawy o dzia\u0142alno\u015bci po\u017cytku publicznego i o wolontariacie&nbsp;&#8211;&nbsp;m.in. stowarzyszenia, fundacje, ko\u0142a gospody\u0144 wiejskich, sp\u00f3\u0142dzielnie socjalne i podmioty ko\u015bcielne&nbsp;&#8211;&nbsp;zarejestrowane i dzia\u0142aj\u0105ce na terenie jednego z czterech wskazanych wojew\u00f3dztw. Z dotacji nie mog\u0105 skorzysta\u0107 osoby fizyczne ani jednostki samorz\u0105du terytorialnego.&nbsp;<\/p>\n\n\n\n<p class=\"wp-block-paragraph\"><strong>Na co mo\u017cna przeznaczy\u0107 \u015brodki<\/strong>&nbsp;<\/p>\n\n\n\n<p class=\"wp-block-paragraph\">Dofinansowanie mo\u017cna otrzyma\u0107 na oddolne inicjatywy, kt\u00f3re wzmacniaj\u0105 aktywno\u015b\u0107 obywatelsk\u0105, anga\u017cuj\u0105 lokaln\u0105 spo\u0142eczno\u015b\u0107, promuj\u0105 wolontariat i wpisuj\u0105 si\u0119 w obchody Mi\u0119dzynarodowego Roku Wolontariatu. Mog\u0105 to by\u0107 na przyk\u0142ad lokalne akcje i wydarzenia spo\u0142eczne, warsztaty i spotkania, dzia\u0142ania na rzecz senior\u00f3w, dzieci czy s\u0105siad\u00f3w, inicjatywy ekologiczne, kulturalne lub edukacyjne. Liczy si\u0119 realny efekt dla lokalnej spo\u0142eczno\u015bci i zaanga\u017cowanie wolontariuszy. Poza wsparciem finansowym Operatorzy zapewniaj\u0105 doradztwo, konsultacje oraz pomoc animator\u00f3w spo\u0142ecznych.&nbsp;<\/p>\n\n\n\n<p class=\"wp-block-paragraph\"><strong>Jak i do kiedy z\u0142o\u017cy\u0107 wniosek<\/strong>&nbsp;<\/p>\n\n\n\n<p class=\"wp-block-paragraph\">Wnioski sk\u0142ada si\u0119&nbsp;<strong>wy\u0142\u0105cznie elektronicznie<\/strong>&nbsp;przez generator:&nbsp;<a href=\"https:\/\/generator.bieszczadzkiul.pl\/\" target=\"_blank\" rel=\"noreferrer noopener\">generator.bieszczadzkiul.pl<\/a>&nbsp;w terminie&nbsp;<strong>do 14 wrze\u015bnia 2026 r. do godz. 12:00<\/strong>. Jedna organizacja mo\u017ce z\u0142o\u017cy\u0107 jeden wniosek. Realizacja inicjatyw przewidziana jest&nbsp;w okresie&nbsp;<strong>od 1 pa\u017adziernika do 15 listopada 2026 r.<\/strong>&nbsp;<\/p>\n\n\n\n<p class=\"wp-block-paragraph\"><strong>Bezp\u0142atne spotkania informacyjne online<\/strong>&nbsp;<\/p>\n\n\n\n<p class=\"wp-block-paragraph\">Operatorzy zapraszaj\u0105 na spotkania,&nbsp;podczas&nbsp;kt\u00f3rych wyja\u015bniaj\u0105 zasady konkursu i pomagaj\u0105 przygotowa\u0107 wniosek. Najbli\u017csze terminy:&nbsp;&nbsp;<\/p>\n\n\n\n<p class=\"wp-block-paragraph\"><strong>28.08, godz.10:00&nbsp;<\/strong><a href=\"https:\/\/teams.microsoft.com\/meet\/355799208606012%E2%80%A6\" target=\"_blank\" rel=\"noreferrer noopener\"><strong>https:\/\/teams.microsoft.com\/meet\/355799208606012\u2026<\/strong><\/a>&nbsp;<\/p>\n\n\n\n<p class=\"wp-block-paragraph\"><strong>2.09, godz. 17:00<\/strong><a href=\"https:\/\/teams.microsoft.com\/meet\/313208122081628?p=QDMy3bhdX9u8kmMP8y&amp;fbclid=IwcGRvZgFleHRuA2FlbQIxMABicmlkETAxZ2h3UDVlR0l0eGRNY1Ftc3J0YwZhcHBfaWQQMjIyMDM5MTc4ODIwMDg5MgABHjCz2X3e91yeXNVOX03DyEfmOxJagN2323UkgdwRlT7xIjpgOcBSuN_Cz8pg_aem_fYdiVtfcI_ijdRMsMPxmDw\" target=\"_blank\" rel=\"noreferrer noopener\"><strong>&nbsp;https:\/\/teams.microsoft.com\/meet\/313208122081628&#8230;<\/strong><\/a><strong>\u202f<\/strong>&nbsp;<\/p>\n\n\n\n<p class=\"wp-block-paragraph\"><strong>3.09, godz. 17:00&nbsp;<\/strong><a href=\"https:\/\/meet.google.com\/aip-xkbx-qij?fbclid=IwcGRvZgFleHRuA2FlbQIxMABicmlkETAxZ2h3UDVlR0l0eGRNY1Ftc3J0YwZhcHBfaWQQMjIyMDM5MTc4ODIwMDg5MgABHpNuiGGjqed88QKigiMq1oe9BeSt2Cza6NBY7VEaUOJDViWGlUKUQWJzLaXq_aem_hdv2PXQ4DJHLuewttzlWJQ\" target=\"_blank\" rel=\"noreferrer noopener\"><strong>https:\/\/meet.google.com\/aip-xkbx-qij<\/strong><\/a>&nbsp;<\/p>\n\n\n\n<p class=\"wp-block-paragraph\"><strong>4.09, godz. 8:00&nbsp;<\/strong><a href=\"https:\/\/meet.google.com\/dqu-pqgy-txk?fbclid=IwcGRvZgFleHRuA2FlbQIxMABicmlkETAxZ2h3UDVlR0l0eGRNY1Ftc3J0YwZhcHBfaWQQMjIyMDM5MTc4ODIwMDg5MgABHtQM5rwXGL6BJcS6gPtQLKfo5m8pUgcCdIfU0Pd2v4R1QLYYQNt2u6R-fWBE_aem_F2znFdhZBeLG0Kr6Hnw14Q\" target=\"_blank\" rel=\"noreferrer noopener\"><strong>https:\/\/meet.google.com\/dqu-pqgy-txk<\/strong><\/a>&nbsp;<\/p>\n\n\n\n<p class=\"wp-block-paragraph\"><strong>11.09, godz. 10:00&nbsp;<\/strong><a href=\"https:\/\/teams.microsoft.com\/meet\/397371747794862?p=UhUuKGnzOS2Lypidhk&amp;fbclid=IwcGRvZgFleHRuA2FlbQIxMABicmlkETAxZ2h3UDVlR0l0eGRNY1Ftc3J0YwZhcHBfaWQQMjIyMDM5MTc4ODIwMDg5MgABHjCz2X3e91yeXNVOX03DyEfmOxJagN2323UkgdwRlT7xIjpgOcBSuN_Cz8pg_aem_fYdiVtfcI_ijdRMsMPxmDw\" target=\"_blank\" rel=\"noreferrer noopener\"><strong>https:\/\/teams.microsoft.com\/meet\/397371747794862&#8230;<\/strong><\/a>&nbsp;<\/p>\n\n\n\n<p class=\"wp-block-paragraph\">&nbsp;<br>&nbsp;<br>Linki do spotka\u0144 oraz bie\u017c\u0105ce informacje o konkursie publikowane s\u0105 na profilu projektu na Facebooku:&nbsp;<a href=\"http:\/\/facebook.com\/mrw.dzialambolubie\" target=\"_blank\" rel=\"noreferrer noopener\"><strong>facebook.com\/mrw.dzialambolubie<\/strong><\/a><strong>\u202f&nbsp;<\/strong>&nbsp;<\/p>\n\n\n\n<p class=\"wp-block-paragraph\">Szczeg\u00f3\u0142y oraz regulamin dost\u0119pne s\u0105 na stronach Operator\u00f3w konkursu.&nbsp;<\/p>\n\n\n\n<p class=\"wp-block-paragraph\"><img decoding=\"async\" width=\"24\" height=\"24\" src=\"blob:https:\/\/tyrawa.pl\/635b4038-df1c-42b9-a40e-a7664bf58e1e\"><a href=\"https:\/\/www.facebook.com\/bieszczadzkiul?__cft__%5b0%5d=AZa9WFOqt6QVFEA0ze_iqI_kfzIzqYlfnC7Hq_31tOChGFBKC4B58CCLdxyHgJP1PJdJJoojlhPhVmfft5XcflOSF7GTPTe5SIsN2TZgIDBfRdXmHw2Hy2TSmrwLoFnBQXkhFQVz1ABYEJx8xsWNqYK_QiO21bhbzES3iKWgrZfu9GhqIt1mZb9Rar0PqYxuRn6xJBkdz7izts0VpN_u4LA2&amp;__tn__=-%5dK-R\" target=\"_blank\" rel=\"noreferrer noopener\">Bieszczadzki Uniwersytet Ludowy<\/a>:&nbsp;<\/p>\n\n\n\n<p class=\"wp-block-paragraph\"><a href=\"http:\/\/www.bieszczadzkiul.pl\/konkurs-grantowy\/o-projekcie?fbclid=IwcGRvZgFleHRuA2FlbQIxMABicmlkETAxZ2h3UDVlR0l0eGRNY1Ftc3J0YwZhcHBfaWQQMjIyMDM5MTc4ODIwMDg5MgABHhCFix7RH13VzNUM1ykosG-ozH7Y5G97ZLUw579ExFpMxOY9pQvKhmTO5jvR_aem_WeEMsZcFYsqKWLQHCLqwLA\" target=\"_blank\" rel=\"noreferrer noopener\">www.bieszczadzkiul.pl\/konkurs-grantowy\/o-projekcie<\/a>&nbsp;<\/p>\n\n\n\n<p class=\"wp-block-paragraph\"><img decoding=\"async\" width=\"24\" height=\"24\" src=\"blob:https:\/\/tyrawa.pl\/6958810c-d444-4ff0-86b4-21ccd6aec31a\"><a href=\"https:\/\/www.facebook.com\/Stowarzyszenie.sursum.corda?__cft__%5b0%5d=AZa9WFOqt6QVFEA0ze_iqI_kfzIzqYlfnC7Hq_31tOChGFBKC4B58CCLdxyHgJP1PJdJJoojlhPhVmfft5XcflOSF7GTPTe5SIsN2TZgIDBfRdXmHw2Hy2TSmrwLoFnBQXkhFQVz1ABYEJx8xsWNqYK_QiO21bhbzES3iKWgrZfu9GhqIt1mZb9Rar0PqYxuRn6xJBkdz7izts0VpN_u4LA2&amp;__tn__=-%5dK-R\" target=\"_blank\" rel=\"noreferrer noopener\">Stowarzyszenie Sursum Corda \/w g\u00f3r\u0119 serca\/ 1,5% KRS 00000 20382<\/a>:&nbsp;<\/p>\n\n\n\n<p class=\"wp-block-paragraph\"><a href=\"http:\/\/www.sc.org.pl\/co-robimy\/wolontariat\/fundusz-inicjatyw-mrw-26?fbclid=IwcGRvZgFleHRuA2FlbQIxMABicmlkETAxZ2h3UDVlR0l0eGRNY1Ftc3J0YwZhcHBfaWQQMjIyMDM5MTc4ODIwMDg5MgABHtKlu2yN7YM1tyAl1YGMSTSu5CFSeLfGquGs_u5CCBnri-ooCTsMXxOzDQYn_aem_bsLDcqeAFefOwEnZqIUvjg\" target=\"_blank\" rel=\"noreferrer noopener\">www.sc.org.pl\/co-robimy\/wolontariat\/fundusz-inicjatyw-mrw-26<\/a>&nbsp;<\/p>\n\n\n\n<p class=\"wp-block-paragraph\"><img decoding=\"async\" width=\"24\" height=\"24\" src=\"blob:https:\/\/tyrawa.pl\/0d7438b2-99ef-4db0-98e6-6ec1fc0e5da7\"><a href=\"https:\/\/www.facebook.com\/FundacjaBieszczadzka?__cft__%5b0%5d=AZa9WFOqt6QVFEA0ze_iqI_kfzIzqYlfnC7Hq_31tOChGFBKC4B58CCLdxyHgJP1PJdJJoojlhPhVmfft5XcflOSF7GTPTe5SIsN2TZgIDBfRdXmHw2Hy2TSmrwLoFnBQXkhFQVz1ABYEJx8xsWNqYK_QiO21bhbzES3iKWgrZfu9GhqIt1mZb9Rar0PqYxuRn6xJBkdz7izts0VpN_u4LA2&amp;__tn__=-%5dK-R\" target=\"_blank\" rel=\"noreferrer noopener\">Fundacja Bieszczadzka<\/a>:&nbsp;<\/p>\n\n\n\n<p class=\"wp-block-paragraph\"><a href=\"http:\/\/www.fundacjabieszczadzka.org\/2026\/08\/25\/fundusz-inicjatywmiedzynarodowego-roku-wolontariatu-dzialam-bo-lubie\/?fbclid=IwcGRvZgFleHRuA2FlbQIxMABicmlkETAxZ2h3UDVlR0l0eGRNY1Ftc3J0YwZhcHBfaWQQMjIyMDM5MTc4ODIwMDg5MgABHrvB6qrboeoQMOpY5QlBj_AUzJnr6hwatnDmJWdKP_LR8G7b6pZuMhBUHt4L_aem_B4sbbPC9bzmrN1dRw3zT6w\" target=\"_blank\" rel=\"noreferrer noopener\">http:\/\/www.fundacjabieszczadzka.org\/&#8230;\/fundusz&#8230;\/<\/a>&nbsp; Rok 2026 to Mi\u0119dzynarodowy Rok Wolontariatu &#8211; poka\u017cmy, \u017ce liczy si\u0119 ka\u017cdy gest!<\/p>\n","protected":false},"excerpt":{"rendered":"<p>Od 25 sierpnia 2026 trwa nab\u00f3r wniosk\u00f3w w konkursie grantowym&nbsp;\u201eFundusz Inicjatyw MRW \u2014 Dzia\u0142am, bo lubi\u0119!&#8221;.&nbsp;&nbsp; Organizacje pozarz\u0105dowe i&nbsp;podmioty&nbsp;z Waszego regionu mog\u0105 zdoby\u0107&nbsp;minigrant&nbsp;w wysoko\u015bci&nbsp;od 3 000 do 5 000 z\u0142&nbsp;na oddolne dzia\u0142ania anga\u017cuj\u0105ce lokaln\u0105 spo\u0142eczno\u015b\u0107.&nbsp;&nbsp; Konkurs realizowany jest w ramach obchod\u00f3w&nbsp;Mi\u0119dzynarodowego Roku Wolontariatu 2026&nbsp;i finansowany przez Narodowy Instytut Wolno\u015bci&nbsp;&#8211;&nbsp;Centrum Rozwoju Spo\u0142ecze\u0144stwa Obywatelskiego. Prowadz\u0105 go wsp\u00f3lnie [&hellip;]<\/p>\n","protected":false},"author":3,"featured_media":6874,"comment_status":"closed","ping_status":"open","sticky":false,"template":"","format":"standard","meta":{"footnotes":""},"categories":[22,23],"tags":[],"class_list":["post-6873","post","type-post","status-publish","format-standard","has-post-thumbnail","hentry","category-aktualnosci","category-informacje","has-thumb"],"_links":{"self":[{"href":"https:\/\/tyrawa.pl\/index.php?rest_route=\/wp\/v2\/posts\/6873","targetHints":{"allow":["GET"]}}],"collection":[{"href":"https:\/\/tyrawa.pl\/index.php?rest_route=\/wp\/v2\/posts"}],"about":[{"href":"https:\/\/tyrawa.pl\/index.php?rest_route=\/wp\/v2\/types\/post"}],"author":[{"embeddable":true,"href":"https:\/\/tyrawa.pl\/index.php?rest_route=\/wp\/v2\/users\/3"}],"replies":[{"embeddable":true,"href":"https:\/\/tyrawa.pl\/index.php?rest_route=%2Fwp%2Fv2%2Fcomments&post=6873"}],"version-history":[{"count":1,"href":"https:\/\/tyrawa.pl\/index.php?rest_route=\/wp\/v2\/posts\/6873\/revisions"}],"predecessor-version":[{"id":6875,"href":"https:\/\/tyrawa.pl\/index.php?rest_route=\/wp\/v2\/posts\/6873\/revisions\/6875"}],"wp:featuredmedia":[{"embeddable":true,"href":"https:\/\/tyrawa.pl\/index.php?rest_route=\/wp\/v2\/media\/6874"}],"wp:attachment":[{"href":"https:\/\/tyrawa.pl\/index.php?rest_route=%2Fwp%2Fv2%2Fmedia&parent=6873"}],"wp:term":[{"taxonomy":"category","embeddable":true,"href":"https:\/\/tyrawa.pl\/index.php?rest_route=%2Fwp%2Fv2%2Fcategories&post=6873"},{"taxonomy":"post_tag","embeddable":true,"href":"https:\/\/tyrawa.pl\/index.php?rest_route=%2Fwp%2Fv2%2Ftags&post=6873"}],"curies":[{"name":"wp","href":"https:\/\/api.w.org\/{rel}","templated":true}]}}