{"id":5796,"date":"2026-03-11T11:30:45","date_gmt":"2026-03-11T10:30:45","guid":{"rendered":"https:\/\/tyrawa.pl\/?p=5796"},"modified":"2026-03-11T11:30:48","modified_gmt":"2026-03-11T10:30:48","slug":"informacja-12","status":"publish","type":"post","link":"https:\/\/tyrawa.pl\/?p=5796","title":{"rendered":"Informacja"},"content":{"rendered":"\n<p>Informujemy, i\u017c Rewir Dzielnicowych Wydzia\u0142u Prewencji Komendy Powiatowej Policji w Sanoku zgodnie z Zarz\u0105dzeniem nr 5 Komendanta G\u0142\u00f3wnego Policji z dnia 20 czerwca 2016 r. &#8211; \u00a7 38 oraz Zarz\u0105dzeniem nr 66 Komendanta G\u0142\u00f3wnego Policji z dnia 18 pa\u017adziernika 2019 r. &#8211; \u00a7 1, w okresie od <strong>01.02.2026 r.<\/strong> do\u00a0 <strong>31.07.2026 r.<\/strong> realizuje plan dzia\u0142ania priorytetowego dla rejonu s\u0142u\u017cbowego RZ RSA 0103-003W w miejscowo\u015bci Tyrawa Wo\u0142oska 260, w celu poprawy stanu bezpiecze\u0144stwa oraz eliminacji niepo\u017c\u0105danych zjawisk w rejonie sklepu <strong>\u201eCHORTEN\u201d<\/strong> przez tamtejszych jego klient\u00f3w i mieszka\u0144c\u00f3w, tj. m.in.: zak\u0142\u00f3canie porz\u0105dku publicznego, spo\u017cywanie alkoholu, demoralizacja czy te\u017c utrudnianie korzystania z obiekt\u00f3w u\u017cyteczno\u015bci publicznej.<\/p>\n\n\n\n<p>&nbsp;&nbsp;&nbsp;&nbsp;&nbsp;&nbsp;&nbsp;&nbsp;&nbsp;&nbsp;&nbsp; Nieprzestrzeganie ww. norm prawa oraz zasad wsp\u00f3\u0142\u017cycia spo\u0142ecznego skutkuje odpowiedzialno\u015bci\u0105 karn\u0105 w postaci grzywny, kary ograniczenia wolno\u015bci lub aresztu, kt\u00f3re okre\u015bla dok\u0142adnie kodeks wykrocze\u0144.<\/p>\n\n\n\n<p class=\"has-text-align-right\">&nbsp;&nbsp;&nbsp;&nbsp;&nbsp;&nbsp;&nbsp;&nbsp;&nbsp;&nbsp;&nbsp;&nbsp;&nbsp;&nbsp;&nbsp;&nbsp;&nbsp;&nbsp;&nbsp;&nbsp;&nbsp;&nbsp;&nbsp;&nbsp;&nbsp;&nbsp;&nbsp;&nbsp;&nbsp;&nbsp;&nbsp;&nbsp;&nbsp;&nbsp;&nbsp;&nbsp;&nbsp;&nbsp;&nbsp;&nbsp;&nbsp;&nbsp;&nbsp;&nbsp;&nbsp;&nbsp;&nbsp;&nbsp;&nbsp;&nbsp;&nbsp;&nbsp;&nbsp;&nbsp;&nbsp;&nbsp;&nbsp;&nbsp;&nbsp;&nbsp;&nbsp;&nbsp;&nbsp;&nbsp;&nbsp;&nbsp;&nbsp;&nbsp;&nbsp;&nbsp;&nbsp;&nbsp;&nbsp;&nbsp;&nbsp;&nbsp;&nbsp;&nbsp;&nbsp;&nbsp;&nbsp;&nbsp;&nbsp;&nbsp;&nbsp;&nbsp;&nbsp;&nbsp;&nbsp;&nbsp;&nbsp;&nbsp;&nbsp;&nbsp; Urz\u0105d Gminy Tyrawa Wo\u0142oska<\/p>\n","protected":false},"excerpt":{"rendered":"<p>Informujemy, i\u017c Rewir Dzielnicowych Wydzia\u0142u Prewencji Komendy Powiatowej Policji w Sanoku zgodnie z Zarz\u0105dzeniem nr 5 Komendanta G\u0142\u00f3wnego Policji z dnia 20 czerwca 2016 r. &#8211; \u00a7 38 oraz Zarz\u0105dzeniem nr 66 Komendanta G\u0142\u00f3wnego Policji z dnia 18 pa\u017adziernika 2019 r. &#8211; \u00a7 1, w okresie od 01.02.2026 r. do\u00a0 31.07.2026 r. realizuje plan dzia\u0142ania [&hellip;]<\/p>\n","protected":false},"author":2,"featured_media":5355,"comment_status":"closed","ping_status":"open","sticky":false,"template":"","format":"standard","meta":{"footnotes":""},"categories":[22,23],"tags":[],"class_list":["post-5796","post","type-post","status-publish","format-standard","has-post-thumbnail","hentry","category-aktualnosci","category-informacje","has-thumb"],"_links":{"self":[{"href":"https:\/\/tyrawa.pl\/index.php?rest_route=\/wp\/v2\/posts\/5796","targetHints":{"allow":["GET"]}}],"collection":[{"href":"https:\/\/tyrawa.pl\/index.php?rest_route=\/wp\/v2\/posts"}],"about":[{"href":"https:\/\/tyrawa.pl\/index.php?rest_route=\/wp\/v2\/types\/post"}],"author":[{"embeddable":true,"href":"https:\/\/tyrawa.pl\/index.php?rest_route=\/wp\/v2\/users\/2"}],"replies":[{"embeddable":true,"href":"https:\/\/tyrawa.pl\/index.php?rest_route=%2Fwp%2Fv2%2Fcomments&post=5796"}],"version-history":[{"count":1,"href":"https:\/\/tyrawa.pl\/index.php?rest_route=\/wp\/v2\/posts\/5796\/revisions"}],"predecessor-version":[{"id":5797,"href":"https:\/\/tyrawa.pl\/index.php?rest_route=\/wp\/v2\/posts\/5796\/revisions\/5797"}],"wp:featuredmedia":[{"embeddable":true,"href":"https:\/\/tyrawa.pl\/index.php?rest_route=\/wp\/v2\/media\/5355"}],"wp:attachment":[{"href":"https:\/\/tyrawa.pl\/index.php?rest_route=%2Fwp%2Fv2%2Fmedia&parent=5796"}],"wp:term":[{"taxonomy":"category","embeddable":true,"href":"https:\/\/tyrawa.pl\/index.php?rest_route=%2Fwp%2Fv2%2Fcategories&post=5796"},{"taxonomy":"post_tag","embeddable":true,"href":"https:\/\/tyrawa.pl\/index.php?rest_route=%2Fwp%2Fv2%2Ftags&post=5796"}],"curies":[{"name":"wp","href":"https:\/\/api.w.org\/{rel}","templated":true}]}}